{"id":15233,"date":"2025-07-03T17:51:31","date_gmt":"2025-07-03T14:51:31","guid":{"rendered":"https:\/\/solar-sed.de\/?post_type=jobpost&#038;p=15233"},"modified":"2025-07-08T15:24:43","modified_gmt":"2025-07-08T12:24:43","slug":"elektriker-m-w-d-fuer-photovoltaikanlagen","status":"publish","type":"jobpost","link":"https:\/\/solar-sed.de\/en\/job\/elektriker-m-w-d-fuer-photovoltaikanlagen\/","title":{"rendered":"Elektriker (m\/w\/d) f\u00fcr Photovoltaikanlagen"},"content":{"rendered":"<p>Ihre Aufgaben:<\/p>\n\n\n\n<ul class=\"wp-block-list\">\n<li>Anschluss von Photovoltaikanlagen<\/li>\n\n\n\n<li>Unterst\u00fctzung bei Inbetriebnahme, Wartung und Fehlersuche<\/li>\n\n\n\n<li>Pr\u00fcfung und Dokumentation nach geltenden Normen und Sicherheitsvorschriften<\/li>\n\n\n\n<li>Zusammenarbeit im Team mit Projektleitern, Monteuren, und Energieberatern<\/li>\n<\/ul>\n\n\n\n<p>Ihr Profil:<\/p>\n\n\n\n<ul class=\"wp-block-list\">\n<li>Abgeschlossene Ausbildung als Elektriker, Elektroniker f\u00fcr Energie- und Geb\u00e4udetechnik oder vergleichbar<\/li>\n\n\n\n<li>Idealerweise erste Erfahrung im Bereich Photovoltaik<\/li>\n\n\n\n<li>Selbstst\u00e4ndige, zuverl\u00e4ssige Arbeitsweise und technisches Verst\u00e4ndnis<\/li>\n\n\n\n<li>Teamf\u00e4higkeit und kundenorientiertes Auftreten<\/li>\n\n\n\n<li>F\u00fchrerschein Klasse B<\/li>\n<\/ul>\n\n\n\n<p>Wir bieten:<\/p>\n\n\n\n<ul class=\"wp-block-list\">\n<li>Einen sicheren Arbeitsplatz in einem wachsenden Zukunftsmarkt<\/li>\n\n\n\n<li>Abwechslungsreiche Aufgaben mit Verantwortung<\/li>\n\n\n\n<li>Kollegiales Umfeld und flache Hierarchien<\/li>\n\n\n\n<li>Moderne Arbeitsausstattung und hochwertige Werkzeuge<\/li>\n\n\n\n<li>Leistungsgerechte Verg\u00fctung<\/li>\n\n\n\n<li>Weiterbildungsm\u00f6glichkeiten und langfristige Entwicklungsperspektiven<\/li>\n<\/ul>","protected":false},"excerpt":{"rendered":"<p>Ihre Aufgaben: Ihr Profil: Wir bieten:<\/p>","protected":false},"author":1,"featured_media":0,"menu_order":0,"template":"","jobpost_category":[],"jobpost_job_type":[],"jobpost_location":[],"jobpost_tag":[],"class_list":["post-15233","jobpost","type-jobpost","status-publish","hentry"],"acf":[],"_links":{"self":[{"href":"https:\/\/solar-sed.de\/en\/wp-json\/wp\/v2\/jobpost\/15233","targetHints":{"allow":["GET"]}}],"collection":[{"href":"https:\/\/solar-sed.de\/en\/wp-json\/wp\/v2\/jobpost"}],"about":[{"href":"https:\/\/solar-sed.de\/en\/wp-json\/wp\/v2\/types\/jobpost"}],"author":[{"embeddable":true,"href":"https:\/\/solar-sed.de\/en\/wp-json\/wp\/v2\/users\/1"}],"wp:attachment":[{"href":"https:\/\/solar-sed.de\/en\/wp-json\/wp\/v2\/media?parent=15233"}],"wp:term":[{"taxonomy":"jobpost_category","embeddable":true,"href":"https:\/\/solar-sed.de\/en\/wp-json\/wp\/v2\/jobpost_category?post=15233"},{"taxonomy":"jobpost_job_type","embeddable":true,"href":"https:\/\/solar-sed.de\/en\/wp-json\/wp\/v2\/jobpost_job_type?post=15233"},{"taxonomy":"jobpost_location","embeddable":true,"href":"https:\/\/solar-sed.de\/en\/wp-json\/wp\/v2\/jobpost_location?post=15233"},{"taxonomy":"jobpost_tag","embeddable":true,"href":"https:\/\/solar-sed.de\/en\/wp-json\/wp\/v2\/jobpost_tag?post=15233"}],"curies":[{"name":"wp","href":"https:\/\/api.w.org\/{rel}","templated":true}]}}